{"id":624,"date":"2024-09-12T13:51:28","date_gmt":"2024-09-12T13:51:28","guid":{"rendered":"https:\/\/www.tanzpaedagogen-berlin.de\/?p=624"},"modified":"2025-10-14T08:20:00","modified_gmt":"2025-10-14T08:20:00","slug":"workshop-moderner-zeitgenoessischer-tanz","status":"publish","type":"post","link":"https:\/\/www.tanzpaedagogen-berlin.de\/index.php\/2024\/09\/12\/workshop-moderner-zeitgenoessischer-tanz\/","title":{"rendered":"Workshop Moderner\/ Zeitgen\u00f6ssischer Tanz"},"content":{"rendered":"\n<div class=\"wp-block-group is-vertical is-layout-flex wp-container-core-group-is-layout-8cf370e7 wp-block-group-is-layout-flex\">\n<blockquote class=\"wp-block-quote is-style-plain is-layout-flow wp-block-quote-is-layout-flow\" style=\"text-transform:none\">\n<p><\/p>\n<cite><br>Herzlich Willkommen, liebe T\u00e4nzerinnen!<br>Wir freuen uns, euch mitteilen zu d\u00fcrfen, dass am <strong>12. Oktober 2024 <\/strong>unser n\u00e4chster Sch\u00fcler-Workshop stattfinden wird! Unter der Leitung des erfahrenen Dozenten Robert Maytas erwartet euch ein inspirierendes Erlebnis im Bereich des Modernen und Zeitgen\u00f6ssischen Tanzes.<br>Der Workshop wird in zwei Altersstufen angeboten: die Mittelstufe und die Fortgeschrittenen. So habt ihr die M\u00f6glichkeit, euer t\u00e4nzerisches K\u00f6nnen zu vertiefen und neue Techniken zu erlernen, unabh\u00e4ngig von eurem Erfahrungsgrad.<br>Seid dabei und lasst euch von der Leidenschaft und Kreativit\u00e4t des Modernen Tanzes mitrei\u00dfen! Wir freuen uns auf eure Teilnahme.<\/cite><\/blockquote>\n<\/div>\n\n\n\n<div class=\"wp-block-file\"><a id=\"wp-block-file--media-92aa3c5c-e887-4638-8fb6-b7ea45943802\" href=\"https:\/\/www.tanzpaedagogen-berlin.de\/wp-content\/uploads\/2024\/09\/SchuelerWS-12.10.2024-Moderner-Tanz-Robert-Maytas_Anmeldg.Teilnahmebestaetig.-Kursinfos.pdf\" target=\"_blank\" rel=\"noreferrer noopener\">SchuelerWS-12.10.2024-Moderner-Tanz-Robert-Maytas_Anmeldg.Teilnahmebestaetig.-Kursinfos<\/a><a href=\"https:\/\/www.tanzpaedagogen-berlin.de\/wp-content\/uploads\/2024\/09\/SchuelerWS-12.10.2024-Moderner-Tanz-Robert-Maytas_Anmeldg.Teilnahmebestaetig.-Kursinfos.pdf\" class=\"wp-block-file__button wp-element-button\" download aria-describedby=\"wp-block-file--media-92aa3c5c-e887-4638-8fb6-b7ea45943802\">Herunterladen<\/a><\/div>\n\n\n<ul class=\"wp-block-categories-list wp-block-categories\">\t<li class=\"cat-item cat-item-1\"><a href=\"https:\/\/www.tanzpaedagogen-berlin.de\/index.php\/category\/uncategorized\/\">Uncategorized<\/a>\n<\/li>\n<\/ul>","protected":false},"excerpt":{"rendered":"","protected":false},"author":5,"featured_media":628,"comment_status":"open","ping_status":"open","sticky":false,"template":"","format":"standard","meta":{"footnotes":""},"categories":[1],"tags":[],"class_list":["post-624","post","type-post","status-publish","format-standard","has-post-thumbnail","hentry","category-uncategorized"],"yoast_head":"<!-- This site is optimized with the Yoast SEO plugin v27.5 - https:\/\/yoast.com\/product\/yoast-seo-wordpress\/ -->\n<title>Workshop Moderner\/ Zeitgen\u00f6ssischer Tanz &#8211; Landesverband f\u00fcr Tanz und Tanzp\u00e4dagogik Berlin e.V.<\/title>\n<meta name=\"robots\" content=\"index, follow, max-snippet:-1, max-image-preview:large, max-video-preview:-1\" \/>\n<link rel=\"canonical\" href=\"https:\/\/www.tanzpaedagogen-berlin.de\/index.php\/2024\/09\/12\/workshop-moderner-zeitgenoessischer-tanz\/\" \/>\n<meta property=\"og:locale\" content=\"de_DE\" \/>\n<meta property=\"og:type\" content=\"article\" \/>\n<meta property=\"og:title\" content=\"Workshop Moderner\/ Zeitgen\u00f6ssischer Tanz &#8211; Landesverband f\u00fcr Tanz und Tanzp\u00e4dagogik Berlin e.V.\" \/>\n<meta property=\"og:url\" content=\"https:\/\/www.tanzpaedagogen-berlin.de\/index.php\/2024\/09\/12\/workshop-moderner-zeitgenoessischer-tanz\/\" \/>\n<meta property=\"og:site_name\" content=\"Landesverband f\u00fcr Tanz und Tanzp\u00e4dagogik Berlin e.V.\" \/>\n<meta property=\"article:published_time\" content=\"2024-09-12T13:51:28+00:00\" \/>\n<meta property=\"article:modified_time\" content=\"2025-10-14T08:20:00+00:00\" \/>\n<meta property=\"og:image\" content=\"https:\/\/www.tanzpaedagogen-berlin.de\/wp-content\/uploads\/2024\/09\/Untitled-2.jpeg\" \/>\n\t<meta property=\"og:image:width\" content=\"240\" \/>\n\t<meta property=\"og:image:height\" content=\"276\" \/>\n\t<meta property=\"og:image:type\" content=\"image\/jpeg\" \/>\n<meta name=\"author\" content=\"Sabine Schl\u00f6sser\" \/>\n<meta name=\"twitter:card\" content=\"summary_large_image\" \/>\n<meta name=\"twitter:label1\" content=\"Verfasst von\" \/>\n\t<meta name=\"twitter:data1\" content=\"Sabine Schl\u00f6sser\" \/>\n\t<meta name=\"twitter:label2\" content=\"Gesch\u00e4tzte Lesezeit\" \/>\n\t<meta name=\"twitter:data2\" content=\"1\u00a0Minute\" \/>\n<script type=\"application\/ld+json\" class=\"yoast-schema-graph\">{\"@context\":\"https:\\\/\\\/schema.org\",\"@graph\":[{\"@type\":\"Article\",\"@id\":\"https:\\\/\\\/www.tanzpaedagogen-berlin.de\\\/index.php\\\/2024\\\/09\\\/12\\\/workshop-moderner-zeitgenoessischer-tanz\\\/#article\",\"isPartOf\":{\"@id\":\"https:\\\/\\\/www.tanzpaedagogen-berlin.de\\\/index.php\\\/2024\\\/09\\\/12\\\/workshop-moderner-zeitgenoessischer-tanz\\\/\"},\"author\":{\"name\":\"Sabine Schl\u00f6sser\",\"@id\":\"https:\\\/\\\/www.tanzpaedagogen-berlin.de\\\/#\\\/schema\\\/person\\\/ef2f3c72196888a32e72940788f98184\"},\"headline\":\"Workshop Moderner\\\/ Zeitgen\u00f6ssischer Tanz\",\"datePublished\":\"2024-09-12T13:51:28+00:00\",\"dateModified\":\"2025-10-14T08:20:00+00:00\",\"mainEntityOfPage\":{\"@id\":\"https:\\\/\\\/www.tanzpaedagogen-berlin.de\\\/index.php\\\/2024\\\/09\\\/12\\\/workshop-moderner-zeitgenoessischer-tanz\\\/\"},\"wordCount\":112,\"commentCount\":0,\"image\":{\"@id\":\"https:\\\/\\\/www.tanzpaedagogen-berlin.de\\\/index.php\\\/2024\\\/09\\\/12\\\/workshop-moderner-zeitgenoessischer-tanz\\\/#primaryimage\"},\"thumbnailUrl\":\"https:\\\/\\\/www.tanzpaedagogen-berlin.de\\\/wp-content\\\/uploads\\\/2024\\\/09\\\/Untitled-2.jpeg\",\"articleSection\":[\"Uncategorized\"],\"inLanguage\":\"de\",\"potentialAction\":[{\"@type\":\"CommentAction\",\"name\":\"Comment\",\"target\":[\"https:\\\/\\\/www.tanzpaedagogen-berlin.de\\\/index.php\\\/2024\\\/09\\\/12\\\/workshop-moderner-zeitgenoessischer-tanz\\\/#respond\"]}]},{\"@type\":\"WebPage\",\"@id\":\"https:\\\/\\\/www.tanzpaedagogen-berlin.de\\\/index.php\\\/2024\\\/09\\\/12\\\/workshop-moderner-zeitgenoessischer-tanz\\\/\",\"url\":\"https:\\\/\\\/www.tanzpaedagogen-berlin.de\\\/index.php\\\/2024\\\/09\\\/12\\\/workshop-moderner-zeitgenoessischer-tanz\\\/\",\"name\":\"Workshop Moderner\\\/ Zeitgen\u00f6ssischer Tanz &#8211; Landesverband f\u00fcr Tanz und Tanzp\u00e4dagogik Berlin e.V.\",\"isPartOf\":{\"@id\":\"https:\\\/\\\/www.tanzpaedagogen-berlin.de\\\/#website\"},\"primaryImageOfPage\":{\"@id\":\"https:\\\/\\\/www.tanzpaedagogen-berlin.de\\\/index.php\\\/2024\\\/09\\\/12\\\/workshop-moderner-zeitgenoessischer-tanz\\\/#primaryimage\"},\"image\":{\"@id\":\"https:\\\/\\\/www.tanzpaedagogen-berlin.de\\\/index.php\\\/2024\\\/09\\\/12\\\/workshop-moderner-zeitgenoessischer-tanz\\\/#primaryimage\"},\"thumbnailUrl\":\"https:\\\/\\\/www.tanzpaedagogen-berlin.de\\\/wp-content\\\/uploads\\\/2024\\\/09\\\/Untitled-2.jpeg\",\"datePublished\":\"2024-09-12T13:51:28+00:00\",\"dateModified\":\"2025-10-14T08:20:00+00:00\",\"author\":{\"@id\":\"https:\\\/\\\/www.tanzpaedagogen-berlin.de\\\/#\\\/schema\\\/person\\\/ef2f3c72196888a32e72940788f98184\"},\"breadcrumb\":{\"@id\":\"https:\\\/\\\/www.tanzpaedagogen-berlin.de\\\/index.php\\\/2024\\\/09\\\/12\\\/workshop-moderner-zeitgenoessischer-tanz\\\/#breadcrumb\"},\"inLanguage\":\"de\",\"potentialAction\":[{\"@type\":\"ReadAction\",\"target\":[\"https:\\\/\\\/www.tanzpaedagogen-berlin.de\\\/index.php\\\/2024\\\/09\\\/12\\\/workshop-moderner-zeitgenoessischer-tanz\\\/\"]}]},{\"@type\":\"ImageObject\",\"inLanguage\":\"de\",\"@id\":\"https:\\\/\\\/www.tanzpaedagogen-berlin.de\\\/index.php\\\/2024\\\/09\\\/12\\\/workshop-moderner-zeitgenoessischer-tanz\\\/#primaryimage\",\"url\":\"https:\\\/\\\/www.tanzpaedagogen-berlin.de\\\/wp-content\\\/uploads\\\/2024\\\/09\\\/Untitled-2.jpeg\",\"contentUrl\":\"https:\\\/\\\/www.tanzpaedagogen-berlin.de\\\/wp-content\\\/uploads\\\/2024\\\/09\\\/Untitled-2.jpeg\",\"width\":240,\"height\":276},{\"@type\":\"BreadcrumbList\",\"@id\":\"https:\\\/\\\/www.tanzpaedagogen-berlin.de\\\/index.php\\\/2024\\\/09\\\/12\\\/workshop-moderner-zeitgenoessischer-tanz\\\/#breadcrumb\",\"itemListElement\":[{\"@type\":\"ListItem\",\"position\":1,\"name\":\"Home\",\"item\":\"https:\\\/\\\/www.tanzpaedagogen-berlin.de\\\/\"},{\"@type\":\"ListItem\",\"position\":2,\"name\":\"Workshop Moderner\\\/ Zeitgen\u00f6ssischer Tanz\"}]},{\"@type\":\"WebSite\",\"@id\":\"https:\\\/\\\/www.tanzpaedagogen-berlin.de\\\/#website\",\"url\":\"https:\\\/\\\/www.tanzpaedagogen-berlin.de\\\/\",\"name\":\"LTTB e.V.\",\"description\":\"\",\"potentialAction\":[{\"@type\":\"SearchAction\",\"target\":{\"@type\":\"EntryPoint\",\"urlTemplate\":\"https:\\\/\\\/www.tanzpaedagogen-berlin.de\\\/?s={search_term_string}\"},\"query-input\":{\"@type\":\"PropertyValueSpecification\",\"valueRequired\":true,\"valueName\":\"search_term_string\"}}],\"inLanguage\":\"de\"},{\"@type\":\"Person\",\"@id\":\"https:\\\/\\\/www.tanzpaedagogen-berlin.de\\\/#\\\/schema\\\/person\\\/ef2f3c72196888a32e72940788f98184\",\"name\":\"Sabine Schl\u00f6sser\",\"image\":{\"@type\":\"ImageObject\",\"inLanguage\":\"de\",\"@id\":\"https:\\\/\\\/secure.gravatar.com\\\/avatar\\\/4d29662adff4e55f864009c1bb15e588b303f8a7d0bbf354a27a9bd4cee687df?s=96&d=mm&r=g\",\"url\":\"https:\\\/\\\/secure.gravatar.com\\\/avatar\\\/4d29662adff4e55f864009c1bb15e588b303f8a7d0bbf354a27a9bd4cee687df?s=96&d=mm&r=g\",\"contentUrl\":\"https:\\\/\\\/secure.gravatar.com\\\/avatar\\\/4d29662adff4e55f864009c1bb15e588b303f8a7d0bbf354a27a9bd4cee687df?s=96&d=mm&r=g\",\"caption\":\"Sabine Schl\u00f6sser\"},\"url\":\"https:\\\/\\\/www.tanzpaedagogen-berlin.de\\\/index.php\\\/author\\\/lttb-redakteur-sabine-s\\\/\"}]}<\/script>\n<!-- \/ Yoast SEO plugin. -->","yoast_head_json":{"title":"Workshop Moderner\/ Zeitgen\u00f6ssischer Tanz &#8211; Landesverband f\u00fcr Tanz und Tanzp\u00e4dagogik Berlin e.V.","robots":{"index":"index","follow":"follow","max-snippet":"max-snippet:-1","max-image-preview":"max-image-preview:large","max-video-preview":"max-video-preview:-1"},"canonical":"https:\/\/www.tanzpaedagogen-berlin.de\/index.php\/2024\/09\/12\/workshop-moderner-zeitgenoessischer-tanz\/","og_locale":"de_DE","og_type":"article","og_title":"Workshop Moderner\/ Zeitgen\u00f6ssischer Tanz &#8211; Landesverband f\u00fcr Tanz und Tanzp\u00e4dagogik Berlin e.V.","og_url":"https:\/\/www.tanzpaedagogen-berlin.de\/index.php\/2024\/09\/12\/workshop-moderner-zeitgenoessischer-tanz\/","og_site_name":"Landesverband f\u00fcr Tanz und Tanzp\u00e4dagogik Berlin e.V.","article_published_time":"2024-09-12T13:51:28+00:00","article_modified_time":"2025-10-14T08:20:00+00:00","og_image":[{"width":240,"height":276,"url":"https:\/\/www.tanzpaedagogen-berlin.de\/wp-content\/uploads\/2024\/09\/Untitled-2.jpeg","type":"image\/jpeg"}],"author":"Sabine Schl\u00f6sser","twitter_card":"summary_large_image","twitter_misc":{"Verfasst von":"Sabine Schl\u00f6sser","Gesch\u00e4tzte Lesezeit":"1\u00a0Minute"},"schema":{"@context":"https:\/\/schema.org","@graph":[{"@type":"Article","@id":"https:\/\/www.tanzpaedagogen-berlin.de\/index.php\/2024\/09\/12\/workshop-moderner-zeitgenoessischer-tanz\/#article","isPartOf":{"@id":"https:\/\/www.tanzpaedagogen-berlin.de\/index.php\/2024\/09\/12\/workshop-moderner-zeitgenoessischer-tanz\/"},"author":{"name":"Sabine Schl\u00f6sser","@id":"https:\/\/www.tanzpaedagogen-berlin.de\/#\/schema\/person\/ef2f3c72196888a32e72940788f98184"},"headline":"Workshop Moderner\/ Zeitgen\u00f6ssischer Tanz","datePublished":"2024-09-12T13:51:28+00:00","dateModified":"2025-10-14T08:20:00+00:00","mainEntityOfPage":{"@id":"https:\/\/www.tanzpaedagogen-berlin.de\/index.php\/2024\/09\/12\/workshop-moderner-zeitgenoessischer-tanz\/"},"wordCount":112,"commentCount":0,"image":{"@id":"https:\/\/www.tanzpaedagogen-berlin.de\/index.php\/2024\/09\/12\/workshop-moderner-zeitgenoessischer-tanz\/#primaryimage"},"thumbnailUrl":"https:\/\/www.tanzpaedagogen-berlin.de\/wp-content\/uploads\/2024\/09\/Untitled-2.jpeg","articleSection":["Uncategorized"],"inLanguage":"de","potentialAction":[{"@type":"CommentAction","name":"Comment","target":["https:\/\/www.tanzpaedagogen-berlin.de\/index.php\/2024\/09\/12\/workshop-moderner-zeitgenoessischer-tanz\/#respond"]}]},{"@type":"WebPage","@id":"https:\/\/www.tanzpaedagogen-berlin.de\/index.php\/2024\/09\/12\/workshop-moderner-zeitgenoessischer-tanz\/","url":"https:\/\/www.tanzpaedagogen-berlin.de\/index.php\/2024\/09\/12\/workshop-moderner-zeitgenoessischer-tanz\/","name":"Workshop Moderner\/ Zeitgen\u00f6ssischer Tanz &#8211; Landesverband f\u00fcr Tanz und Tanzp\u00e4dagogik Berlin e.V.","isPartOf":{"@id":"https:\/\/www.tanzpaedagogen-berlin.de\/#website"},"primaryImageOfPage":{"@id":"https:\/\/www.tanzpaedagogen-berlin.de\/index.php\/2024\/09\/12\/workshop-moderner-zeitgenoessischer-tanz\/#primaryimage"},"image":{"@id":"https:\/\/www.tanzpaedagogen-berlin.de\/index.php\/2024\/09\/12\/workshop-moderner-zeitgenoessischer-tanz\/#primaryimage"},"thumbnailUrl":"https:\/\/www.tanzpaedagogen-berlin.de\/wp-content\/uploads\/2024\/09\/Untitled-2.jpeg","datePublished":"2024-09-12T13:51:28+00:00","dateModified":"2025-10-14T08:20:00+00:00","author":{"@id":"https:\/\/www.tanzpaedagogen-berlin.de\/#\/schema\/person\/ef2f3c72196888a32e72940788f98184"},"breadcrumb":{"@id":"https:\/\/www.tanzpaedagogen-berlin.de\/index.php\/2024\/09\/12\/workshop-moderner-zeitgenoessischer-tanz\/#breadcrumb"},"inLanguage":"de","potentialAction":[{"@type":"ReadAction","target":["https:\/\/www.tanzpaedagogen-berlin.de\/index.php\/2024\/09\/12\/workshop-moderner-zeitgenoessischer-tanz\/"]}]},{"@type":"ImageObject","inLanguage":"de","@id":"https:\/\/www.tanzpaedagogen-berlin.de\/index.php\/2024\/09\/12\/workshop-moderner-zeitgenoessischer-tanz\/#primaryimage","url":"https:\/\/www.tanzpaedagogen-berlin.de\/wp-content\/uploads\/2024\/09\/Untitled-2.jpeg","contentUrl":"https:\/\/www.tanzpaedagogen-berlin.de\/wp-content\/uploads\/2024\/09\/Untitled-2.jpeg","width":240,"height":276},{"@type":"BreadcrumbList","@id":"https:\/\/www.tanzpaedagogen-berlin.de\/index.php\/2024\/09\/12\/workshop-moderner-zeitgenoessischer-tanz\/#breadcrumb","itemListElement":[{"@type":"ListItem","position":1,"name":"Home","item":"https:\/\/www.tanzpaedagogen-berlin.de\/"},{"@type":"ListItem","position":2,"name":"Workshop Moderner\/ Zeitgen\u00f6ssischer Tanz"}]},{"@type":"WebSite","@id":"https:\/\/www.tanzpaedagogen-berlin.de\/#website","url":"https:\/\/www.tanzpaedagogen-berlin.de\/","name":"LTTB e.V.","description":"","potentialAction":[{"@type":"SearchAction","target":{"@type":"EntryPoint","urlTemplate":"https:\/\/www.tanzpaedagogen-berlin.de\/?s={search_term_string}"},"query-input":{"@type":"PropertyValueSpecification","valueRequired":true,"valueName":"search_term_string"}}],"inLanguage":"de"},{"@type":"Person","@id":"https:\/\/www.tanzpaedagogen-berlin.de\/#\/schema\/person\/ef2f3c72196888a32e72940788f98184","name":"Sabine Schl\u00f6sser","image":{"@type":"ImageObject","inLanguage":"de","@id":"https:\/\/secure.gravatar.com\/avatar\/4d29662adff4e55f864009c1bb15e588b303f8a7d0bbf354a27a9bd4cee687df?s=96&d=mm&r=g","url":"https:\/\/secure.gravatar.com\/avatar\/4d29662adff4e55f864009c1bb15e588b303f8a7d0bbf354a27a9bd4cee687df?s=96&d=mm&r=g","contentUrl":"https:\/\/secure.gravatar.com\/avatar\/4d29662adff4e55f864009c1bb15e588b303f8a7d0bbf354a27a9bd4cee687df?s=96&d=mm&r=g","caption":"Sabine Schl\u00f6sser"},"url":"https:\/\/www.tanzpaedagogen-berlin.de\/index.php\/author\/lttb-redakteur-sabine-s\/"}]}},"_links":{"self":[{"href":"https:\/\/www.tanzpaedagogen-berlin.de\/index.php\/wp-json\/wp\/v2\/posts\/624","targetHints":{"allow":["GET"]}}],"collection":[{"href":"https:\/\/www.tanzpaedagogen-berlin.de\/index.php\/wp-json\/wp\/v2\/posts"}],"about":[{"href":"https:\/\/www.tanzpaedagogen-berlin.de\/index.php\/wp-json\/wp\/v2\/types\/post"}],"author":[{"embeddable":true,"href":"https:\/\/www.tanzpaedagogen-berlin.de\/index.php\/wp-json\/wp\/v2\/users\/5"}],"replies":[{"embeddable":true,"href":"https:\/\/www.tanzpaedagogen-berlin.de\/index.php\/wp-json\/wp\/v2\/comments?post=624"}],"version-history":[{"count":11,"href":"https:\/\/www.tanzpaedagogen-berlin.de\/index.php\/wp-json\/wp\/v2\/posts\/624\/revisions"}],"predecessor-version":[{"id":713,"href":"https:\/\/www.tanzpaedagogen-berlin.de\/index.php\/wp-json\/wp\/v2\/posts\/624\/revisions\/713"}],"wp:featuredmedia":[{"embeddable":true,"href":"https:\/\/www.tanzpaedagogen-berlin.de\/index.php\/wp-json\/wp\/v2\/media\/628"}],"wp:attachment":[{"href":"https:\/\/www.tanzpaedagogen-berlin.de\/index.php\/wp-json\/wp\/v2\/media?parent=624"}],"wp:term":[{"taxonomy":"category","embeddable":true,"href":"https:\/\/www.tanzpaedagogen-berlin.de\/index.php\/wp-json\/wp\/v2\/categories?post=624"},{"taxonomy":"post_tag","embeddable":true,"href":"https:\/\/www.tanzpaedagogen-berlin.de\/index.php\/wp-json\/wp\/v2\/tags?post=624"}],"curies":[{"name":"wp","href":"https:\/\/api.w.org\/{rel}","templated":true}]}}